{"id":7464,"date":"2024-10-22T18:06:32","date_gmt":"2024-10-22T16:06:32","guid":{"rendered":"https:\/\/labo.eus\/?p=7464"},"modified":"2026-03-04T13:56:27","modified_gmt":"2026-03-04T12:56:27","slug":"labo-xl6-elirale","status":"publish","type":"post","link":"https:\/\/labo.eus\/?p=7464","title":{"rendered":"LABO XL6 Elirale"},"content":{"rendered":"\n<p><strong>ELIRALE-PANTXIKA TELLERIA KONPAINIA<\/strong><br>O!<\/p>\n\n\n\n<p>Ipar Euskal Herria \u00b7 <em>Iparrald<\/em>e<br>Dantza garaikidea \u00b7 <em>Danza contempor\u00e1nea<\/em> | 40\u2019 | TP<br>Ig 17 D 11:00 + 12:30 Tabakalera | Plaza<br><br>Adi! Egituraren barruko aforoa mugatua da, eta sarrera, iristeko ordenaren arabera egingo da. Bi emanaldi egingo dira, 11:00etan eta 12:30ean. <em>\u00a1Atenci\u00f3n! El aforo dentro de la estructura es limitado y la entrada se realizar\u00e1 por orden de llegada. Habr\u00e1 dos pases, a las 11:00 y a las 12:30.<\/em><br><br>Ikuskizun hau EKEren (Euskal Kultur Erakundea) lankidetzari esker egiten da. \u00b7 <em>Este espect\u00e1culo tiene lugar gracias a la colaboraci\u00f3n con EKE (<em>Instituto<\/em> Vasco de Cultura)<\/em>.<\/p>\n\n\n\n<p>\u201cO!\u201d kupula harrigarri baten barruan gertatzen da, publikoa isilpeko kapulu batean eta denboraz kanpo kukurtzera gonbidatuz. Bidaia horretan, gorputza giza materia bihurtzen da, edo batzuetan (sub) itsas materia. Harreman zuzenean, ia dantzaria joz, esperientzia paregabea eta intimoa da.<\/p>\n\n\n\n<p><em>\u201cO!\u201d tiene lugar dentro de una sorprendente c\u00fapula, invitando al p\u00fablico a acurrucarse en un capullo secreto y fuera del tiempo. Durante este viaje, el cuerpo se convierte en materia humana, o a veces (sub)marina. En contacto directo, casi tocando el bailar\u00edn, resulta una experiencia \u00fanica e \u00edntima<\/em>.<\/p>\n\n\n\n<p>Antzezlea \u00b7 <em>Int\u00e9rprete<\/em>: Oihan Indart | Musika <em>M\u00fasica<\/em>: Thierry Biscary | Jantziak \u00b7 <em>Vestuario<\/em>: Maritzuli | Ekoizpena \u00b7 <em>Producci\u00f3n<\/em>: Christian Aldaco | Koreografia, zuzendaritza \u00b7 <em>Coreograf\u00eda, direcci\u00f3n<\/em>: Pantxika Telleria.<br><\/p>\n\n\n\n<figure class=\"wp-block-image size-full is-resized\"><img loading=\"lazy\" decoding=\"async\" width=\"2560\" height=\"1707\" src=\"https:\/\/labo.eus\/wp-content\/uploads\/2024\/10\/LABOXL6-17-1200-0002-scaled.jpg\" alt=\"\" class=\"wp-image-17139\" style=\"width:650px\" srcset=\"https:\/\/labo.eus\/wp-content\/uploads\/2024\/10\/LABOXL6-17-1200-0002-scaled.jpg 2560w, https:\/\/labo.eus\/wp-content\/uploads\/2024\/10\/LABOXL6-17-1200-0002-300x200.jpg 300w, https:\/\/labo.eus\/wp-content\/uploads\/2024\/10\/LABOXL6-17-1200-0002-1024x683.jpg 1024w, https:\/\/labo.eus\/wp-content\/uploads\/2024\/10\/LABOXL6-17-1200-0002-768x512.jpg 768w, https:\/\/labo.eus\/wp-content\/uploads\/2024\/10\/LABOXL6-17-1200-0002-1536x1024.jpg 1536w, https:\/\/labo.eus\/wp-content\/uploads\/2024\/10\/LABOXL6-17-1200-0002-2048x1366.jpg 2048w, https:\/\/labo.eus\/wp-content\/uploads\/2024\/10\/LABOXL6-17-1200-0002-1080x720.jpg 1080w\" sizes=\"auto, (max-width: 2560px) 100vw, 2560px\" \/><\/figure>\n","protected":false},"excerpt":{"rendered":"<p>ELIRALE-PANTXIKA TELLERIA KONPAINIAO! Ipar Euskal Herria \u00b7 IparraldeDantza garaikidea \u00b7 Danza contempor\u00e1nea | 40\u2019 | TPIg 17 D 11:00 + 12:30 Tabakalera | Plaza Adi! Egituraren barruko aforoa mugatua da, eta sarrera, iristeko ordenaren arabera egingo da. Bi emanaldi egingo dira, 11:00etan eta 12:30ean. \u00a1Atenci\u00f3n! El aforo dentro de la estructura es limitado y la&hellip;<\/p>\n","protected":false},"author":7,"featured_media":7903,"comment_status":"closed","ping_status":"closed","sticky":false,"template":"","format":"standard","meta":{"footnotes":""},"categories":[26],"tags":[],"class_list":["post-7464","post","type-post","status-publish","format-standard","has-post-thumbnail","hentry","category-labo-xl6"],"_links":{"self":[{"href":"https:\/\/labo.eus\/index.php?rest_route=\/wp\/v2\/posts\/7464","targetHints":{"allow":["GET"]}}],"collection":[{"href":"https:\/\/labo.eus\/index.php?rest_route=\/wp\/v2\/posts"}],"about":[{"href":"https:\/\/labo.eus\/index.php?rest_route=\/wp\/v2\/types\/post"}],"author":[{"embeddable":true,"href":"https:\/\/labo.eus\/index.php?rest_route=\/wp\/v2\/users\/7"}],"replies":[{"embeddable":true,"href":"https:\/\/labo.eus\/index.php?rest_route=%2Fwp%2Fv2%2Fcomments&post=7464"}],"version-history":[{"count":14,"href":"https:\/\/labo.eus\/index.php?rest_route=\/wp\/v2\/posts\/7464\/revisions"}],"predecessor-version":[{"id":17141,"href":"https:\/\/labo.eus\/index.php?rest_route=\/wp\/v2\/posts\/7464\/revisions\/17141"}],"wp:featuredmedia":[{"embeddable":true,"href":"https:\/\/labo.eus\/index.php?rest_route=\/wp\/v2\/media\/7903"}],"wp:attachment":[{"href":"https:\/\/labo.eus\/index.php?rest_route=%2Fwp%2Fv2%2Fmedia&parent=7464"}],"wp:term":[{"taxonomy":"category","embeddable":true,"href":"https:\/\/labo.eus\/index.php?rest_route=%2Fwp%2Fv2%2Fcategories&post=7464"},{"taxonomy":"post_tag","embeddable":true,"href":"https:\/\/labo.eus\/index.php?rest_route=%2Fwp%2Fv2%2Ftags&post=7464"}],"curies":[{"name":"wp","href":"https:\/\/api.w.org\/{rel}","templated":true}]}}